{"id":5629,"date":"2022-10-16T22:58:59","date_gmt":"2022-10-16T22:58:59","guid":{"rendered":"https:\/\/www.ard-cosmetics.com\/?p=5629"},"modified":"2024-12-11T17:03:56","modified_gmt":"2024-12-11T17:03:56","slug":"otkrijte-kremu-zahvaljujuci-kojoj-ce-bas-svaki-puder-izgledati-besprijekorno","status":"publish","type":"post","link":"https:\/\/www.ard-cosmetics.com\/en\/otkrijte-kremu-zahvaljujuci-kojoj-ce-bas-svaki-puder-izgledati-besprijekorno\/","title":{"rendered":"Discover the cream due to which any face foundation will look flawless!"},"content":{"rendered":"<div data-elementor-type=\"wp-post\" data-elementor-id=\"5629\" class=\"elementor elementor-5629\">\n\t\t\t\t\t\t<section class=\"elementor-section elementor-top-section elementor-element elementor-element-13b7111a elementor-section-boxed elementor-section-height-default elementor-section-height-default\" data-id=\"13b7111a\" data-element_type=\"section\" data-e-type=\"section\">\n\t\t\t\t\t\t<div class=\"elementor-container elementor-column-gap-default\">\n\t\t\t\t\t<div class=\"elementor-column elementor-col-100 elementor-top-column elementor-element elementor-element-658e1967\" data-id=\"658e1967\" data-element_type=\"column\" data-e-type=\"column\">\n\t\t\t<div class=\"elementor-widget-wrap elementor-element-populated\">\n\t\t\t\t\t\t<div class=\"elementor-element elementor-element-58370fc9 elementor-widget elementor-widget-text-editor\" data-id=\"58370fc9\" data-element_type=\"widget\" data-e-type=\"widget\" data-widget_type=\"text-editor.default\">\n\t\t\t\t<div class=\"elementor-widget-container\">\n\t\t\t\t\t\t\t\t\t\n<p>Jedan od najve\u0107ih izazova u make up svijetu definitivno je pronalazak savr\u0161enog pudera. O\u010dekivanja koja imamo od ovog make up proizvoda su brojna; od toga da savr\u0161eno prikriva gotovo svaku nepravilnost ko\u017ee, ali da ipak ne \u2018sjeda\u2019 prete\u0161ko na nju, preko toga da se ujedna\u010di s na\u0161im prirodnim tenom, pa sve do toga da na licu bude dugotrajan. S druge strane, odabir samog pudera ne bi trebao biti toliko u fokusu jer njegova efektnost ovisi isklju\u010divo od dobre pripreme ko\u017ee!<\/p>\n\n\n\n<p>O kvalitetnoj pripremi ko\u017ee lica za meke up rutinu ne mo\u017eemo govoriti bez hranjive kreme koja \u0107e zapravo odraditi najve\u0107i dio posla. Da bi puder sjeo na lice perfektno, ko\u017eu je potrebno nahraniti u svim njezinim slojevima, a \u010dime \u0107ete izbje\u0107i osje\u0107aj suho\u0107e tijekom dana koju nerijetko stvara sam make up, kao i situacije u kojima puder jednostavno sklizne s ko\u017ee lica nakon svega nekoliko sati no\u0161enja. Sjajan primjer jedne takve kreme je hvaljena \u2018ard hidratantna krema za lice s kamilicom koja sadr\u017ei visoku koncentraciju hidrolata rimske kamilice, a zbog \u010deka je idealna za njegu ko\u017ee sklone crvenilu, nadra\u017eenosti i upalnim procesima. Pored kamilice, va\u017ean dio njezine formule je i hladno pre\u0161ano ulje makadamije koje \u0161titi ko\u017eu od isu\u0161ivanja, a \u0161to je posebno va\u017eno osigurati u hladnim danima pred nama. <\/p>\n\n\n\n<p>Nadalje, pH ove kreme ne\u0161to je \u0161to svakako vrijedi napomenuti te on iznosi 4-5,5 zbog \u010dega ko\u017ea redovitim kori\u0161tenjem postaje sna\u017enija i obnovljene barijere. Tekstura \u2018ard hidratantne krema za lice s kamilicom uvelike podsje\u0107a na primer jer stvara svilenkasti osje\u0107aj na licu i smanjuje vidljivost pro\u0161irenih pora, zbog \u010dega je omiljen izbor za pripremu ko\u017ee prije nano\u0161enja make upa. <\/p>\n\n\n\n<p>Osim \u0161to \u0107e ova krema postati va\u0161 najdra\u017ei make up saveznik, redovitim kori\u0161tenjem oporavit \u0107e i sve sitne nepravilnosti koje zapravo prikrivamo puderom, da \u0107ete se u jednom trenutku jednostavno pozdraviti s njegovim kori\u0161tenjem. Ono na \u0161to smo u \u2018ard-u izrazito ponosni jest podatak da se u formuli ove kreme nalazi voda isklju\u010divo iz aloa vere (niti kapljica vi\u0161e od toga), pa tako najve\u0107i dio sastava \u010dine upravo organski, prirodni sastojci koji dokazano pospje\u0161uju zdravlje, a samim time i izgled ko\u017ee. Ako ste u potrazi za multifunkcionalnim proizvodom koji ne samo da \u0107e biti va\u0161 omiljeni make up saveznik, ve\u0107 \u0107e va\u0161oj ko\u017ei pru\u017eiti dubinsku njegu i hidrataciju, onda je \u2018ard hidratantna krema za lice ne\u0161to \u0161to se mora prona\u0107i i na va\u0161oj kozmeti\u010dkoj polici!<\/p>\n\t\t\t\t\t\t\t\t<\/div>\n\t\t\t\t<\/div>\n\t\t\t\t\t<\/div>\n\t\t<\/div>\n\t\t\t\t\t<\/div>\n\t\t<\/section>\n\t\t\t\t<\/div>","protected":false},"excerpt":{"rendered":"<p>Jedan od najve\u0107ih izazova u make up svijetu definitivno je pronalazak savr\u0161enog pudera. O\u010dekivanja koja imamo od ovog make up proizvoda su brojna; od toga da savr\u0161eno prikriva gotovo svaku nepravilnost ko\u017ee, ali da ipak ne \u2018sjeda\u2019 prete\u0161ko na nju, preko toga da se ujedna\u010di s na\u0161im prirodnim tenom, pa sve do toga da na [&hellip;]<\/p>\n","protected":false},"author":1,"featured_media":8645,"comment_status":"open","ping_status":"closed","sticky":false,"template":"","format":"standard","meta":{"_acf_changed":false,"inline_featured_image":false,"footnotes":""},"categories":[101,18,19,102],"tags":[],"class_list":["post-5629","post","type-post","status-publish","format-standard","has-post-thumbnail","hentry","category-makeup","category-natural","category-organic","category-skin-care"],"acf":[],"_links":{"self":[{"href":"https:\/\/www.ard-cosmetics.com\/en\/wp-json\/wp\/v2\/posts\/5629","targetHints":{"allow":["GET"]}}],"collection":[{"href":"https:\/\/www.ard-cosmetics.com\/en\/wp-json\/wp\/v2\/posts"}],"about":[{"href":"https:\/\/www.ard-cosmetics.com\/en\/wp-json\/wp\/v2\/types\/post"}],"author":[{"embeddable":true,"href":"https:\/\/www.ard-cosmetics.com\/en\/wp-json\/wp\/v2\/users\/1"}],"replies":[{"embeddable":true,"href":"https:\/\/www.ard-cosmetics.com\/en\/wp-json\/wp\/v2\/comments?post=5629"}],"version-history":[{"count":0,"href":"https:\/\/www.ard-cosmetics.com\/en\/wp-json\/wp\/v2\/posts\/5629\/revisions"}],"wp:featuredmedia":[{"embeddable":true,"href":"https:\/\/www.ard-cosmetics.com\/en\/wp-json\/wp\/v2\/media\/8645"}],"wp:attachment":[{"href":"https:\/\/www.ard-cosmetics.com\/en\/wp-json\/wp\/v2\/media?parent=5629"}],"wp:term":[{"taxonomy":"category","embeddable":true,"href":"https:\/\/www.ard-cosmetics.com\/en\/wp-json\/wp\/v2\/categories?post=5629"},{"taxonomy":"post_tag","embeddable":true,"href":"https:\/\/www.ard-cosmetics.com\/en\/wp-json\/wp\/v2\/tags?post=5629"}],"curies":[{"name":"wp","href":"https:\/\/api.w.org\/{rel}","templated":true}]}}