{"id":7699,"date":"2023-07-24T14:48:32","date_gmt":"2023-07-24T14:48:32","guid":{"rendered":"https:\/\/www.ard-cosmetics.com\/?p=7699"},"modified":"2026-04-01T19:23:18","modified_gmt":"2026-04-01T19:23:18","slug":"dosadilo-vam-je-nosenje-pudera-onda-je-ovo-rutina-njege-za-vas","status":"publish","type":"post","link":"https:\/\/www.ard-cosmetics.com\/en\/dosadilo-vam-je-nosenje-pudera-onda-je-ovo-rutina-njege-za-vas\/","title":{"rendered":"Tired of wearing foundation? Then this is the care routine for you!"},"content":{"rendered":"<div data-elementor-type=\"wp-post\" data-elementor-id=\"7699\" class=\"elementor elementor-7699\">\n\t\t\t\t\t\t<section class=\"elementor-section elementor-top-section elementor-element elementor-element-31680d1c elementor-section-boxed elementor-section-height-default elementor-section-height-default\" data-id=\"31680d1c\" data-element_type=\"section\" data-e-type=\"section\">\n\t\t\t\t\t\t<div class=\"elementor-container elementor-column-gap-default\">\n\t\t\t\t\t<div class=\"elementor-column elementor-col-100 elementor-top-column elementor-element elementor-element-7fffd016\" data-id=\"7fffd016\" data-element_type=\"column\" data-e-type=\"column\">\n\t\t\t<div class=\"elementor-widget-wrap elementor-element-populated\">\n\t\t\t\t\t\t<div class=\"elementor-element elementor-element-1c2bce02 elementor-widget elementor-widget-text-editor\" data-id=\"1c2bce02\" data-element_type=\"widget\" data-e-type=\"widget\" data-widget_type=\"text-editor.default\">\n\t\t\t\t<div class=\"elementor-widget-container\">\n\t\t\t\t\t\t\t\t\t\n<p>Regardless of whether you are a fan of make-up or only remember it when it comes to special occasions, what we can find in every cosmetic bag is a good powder. On the other hand, especially in the summer months, using this product is not the most practical, and if you are looking for a way to completely free your face from heavy foundation, then we have the right care routine for you!<\/p>\n\n\n\n<p>If you strive for a perfect appearance of the facial skin, then it is <strong>\u2018ard perfect skin set<\/strong> something that must be found in your routine. What exactly is it about? This set contains complete care intended for oily and mixed skin prone to inflammatory processes, but also for the first signs of aging. In it you can find only three high-quality and functional products that restore the skin barrier, prevent inflammatory processes and make existing wrinkles and irregularities less visible.<\/p>\n\n\n\n<p>\u00a0\u2018ard je osim po prirodnim i u\u010dinkovitim proizvodima prepoznat i po promoviranju minimalisti\u010dke rutine, pa tako vjerujemo da vam nije potrebna prava vojska proizvoda za najbolje rezultate, ve\u0107 svega nekoliko onih pravih.<\/p>\n\n\n\n<p>Rutina za lice bez nepravilnosti zapo\u010dinje \u010di\u0161\u0107enjem \u2013 korakom koji je baza svake zdrave ko\u017ee i lijepog tena.\u00a0 <strong>&#039;ard gel<\/strong> for cleaning the skin of the face, it will remove all impurities from the skin in one stroke, without the feeling of tightening or drying. After cleansing the skin of the face, apply<strong>\u00a0 \u2018ard VM vitamins & minerals perfect skin & natural botox \u00a0kremu<\/strong> za dubinsku hidrataciju i regeneraciju. Ova krema tek je nedavno postala \u010dlan \u2018ard obitelji, no ve\u0107 ima poseban status zbog svoje u\u010dinkovitosti i zaista fantasti\u010dnih rezultata. Rije\u010d je o kremi koja sadr\u017ei vitamine A i B, minerale, cink i bakar te hijaluronsku kiselinu, pa s lako\u0107om vra\u0107a ko\u017eu u njezin balans, pru\u017ea dubinsku hidrataciju i sprje\u010dava upalne procese \u010dine\u0107i pri tome bore i nepravilnosti manje vidljivim.<\/p>\n\n\n\n<p>For best results, include once or twice a week in your routine <strong>&#039;ard peeling<\/strong> for the face and lips in a cream with chamomile that removes all dead skin cells and is ideal for its renewal.<\/p>\n\n\n\n<p>In addition to great products, results require consistency and discipline in the routine, and you can notice the first results after 10 days of use, while bigger changes come within 3 to 6 months, depending on the problem.<\/p>\n\n\n\n<p>Tako\u0111er, u \u00a0slu\u010daju da imate akne, u po\u010detku rutine mo\u017eete primijetiti stvaranje upalnih procesa jer ko\u017ea prolazi kroz proces obnove, no nakon nekog kra\u0107eg vremena dolazi do smirivanja i primje\u0107ivanja prvih o\u010dekivanih rezultata. Upornost je u svemu va\u017ena, pa i u pravilnoj njezi ko\u017ee, stoga budite ustrajni i u\u017eivajte u savr\u0161enom tenu koji ne\u0107e zahtijevati make up!<\/p>\n\t\t\t\t\t\t\t\t<\/div>\n\t\t\t\t<\/div>\n\t\t\t\t\t<\/div>\n\t\t<\/div>\n\t\t\t\t\t<\/div>\n\t\t<\/section>\n\t\t\t\t<\/div>","protected":false},"excerpt":{"rendered":"<p>Bez obzira na to jeste li ljubitelj make upa ili se istog sjetite samo onda kada su posebne prigode u pitanju, ono \u0161to mo\u017eemo prona\u0107i u svakoj kozmeti\u010dkoj torbici jest dobar puder. S druge strane, pogotovo u ljetnim mjesecima, kori\u0161tenje ovog proizvoda i nije ba\u0161 najprakti\u010dnije, a ako tra\u017eite na\u010din da svoje lice u potpunosti [&hellip;]<\/p>\n","protected":false},"author":1,"featured_media":8906,"comment_status":"open","ping_status":"closed","sticky":false,"template":"","format":"standard","meta":{"_acf_changed":false,"inline_featured_image":false,"footnotes":""},"categories":[1],"tags":[],"class_list":["post-7699","post","type-post","status-publish","format-standard","has-post-thumbnail","hentry","category-uncategorized"],"acf":[],"_links":{"self":[{"href":"https:\/\/www.ard-cosmetics.com\/en\/wp-json\/wp\/v2\/posts\/7699","targetHints":{"allow":["GET"]}}],"collection":[{"href":"https:\/\/www.ard-cosmetics.com\/en\/wp-json\/wp\/v2\/posts"}],"about":[{"href":"https:\/\/www.ard-cosmetics.com\/en\/wp-json\/wp\/v2\/types\/post"}],"author":[{"embeddable":true,"href":"https:\/\/www.ard-cosmetics.com\/en\/wp-json\/wp\/v2\/users\/1"}],"replies":[{"embeddable":true,"href":"https:\/\/www.ard-cosmetics.com\/en\/wp-json\/wp\/v2\/comments?post=7699"}],"version-history":[{"count":1,"href":"https:\/\/www.ard-cosmetics.com\/en\/wp-json\/wp\/v2\/posts\/7699\/revisions"}],"predecessor-version":[{"id":8896,"href":"https:\/\/www.ard-cosmetics.com\/en\/wp-json\/wp\/v2\/posts\/7699\/revisions\/8896"}],"wp:featuredmedia":[{"embeddable":true,"href":"https:\/\/www.ard-cosmetics.com\/en\/wp-json\/wp\/v2\/media\/8906"}],"wp:attachment":[{"href":"https:\/\/www.ard-cosmetics.com\/en\/wp-json\/wp\/v2\/media?parent=7699"}],"wp:term":[{"taxonomy":"category","embeddable":true,"href":"https:\/\/www.ard-cosmetics.com\/en\/wp-json\/wp\/v2\/categories?post=7699"},{"taxonomy":"post_tag","embeddable":true,"href":"https:\/\/www.ard-cosmetics.com\/en\/wp-json\/wp\/v2\/tags?post=7699"}],"curies":[{"name":"wp","href":"https:\/\/api.w.org\/{rel}","templated":true}]}}