{"id":8027,"date":"2024-02-15T16:51:33","date_gmt":"2024-02-15T16:51:33","guid":{"rendered":"https:\/\/www.ard-cosmetics.com\/?p=8027"},"modified":"2026-04-01T19:14:32","modified_gmt":"2026-04-01T19:14:32","slug":"ovu-kremu-koja-savrseno-priprema-kozu-za-make-up-morate-imati","status":"publish","type":"post","link":"https:\/\/www.ard-cosmetics.com\/en\/ovu-kremu-koja-savrseno-priprema-kozu-za-make-up-morate-imati\/","title":{"rendered":"This cream, which perfectly prepares the skin for make-up, is a must have\u00a0"},"content":{"rendered":"<p>Sve zaljubljenice u \u0161minkanje znaju da je dobra priprema ko\u017ee pola odra\u0111enog posla. Upravo zato da bi na\u0161 make up bio postojan, \u0161to prirodniji i ujedna\u010denog izgleda va\u017eno je obratiti pa\u017enju na na\u010din kako pripremamo svoju ko\u017eu lica za \u0161minkanje. Za primere ste sigurno do sada nebrojeno puta \u010duli \u2013 rije\u010d je o proizvodu \u010diji je cilj dobro pripremiti ko\u017eu za make up, no jeste li znali da isti efekt mo\u017eete posti\u0107i i s dobrom kremom za lice? Pravi primjer takve kreme je \u2018ard hidratantna krema za lice s kamilicom koja pored toga \u0161to obnavlja suhu i o\u0161te\u0107enu ko\u017eu \u010dine\u0107i nepravilnosti i bore manje vidljivim, slu\u017ei i kao odli\u010dan \u2018primer\u2019, odnosno savr\u0161en prvi korak prije samog \u0161minkanja. Odli\u010dno priprema ko\u017eu lica za nano\u0161enje pudera kao baze svakog make up looka, a zbog dubinske hidratacije produ\u017euje njegovu postojanost na samom licu. Tako\u0111er, ova krema su\u017eava vidljivost pora te se sam puder ne\u0107e perutati na ko\u017ei. Sjajan ulov za sve skincare i make up zaljubljenice, kao i odli\u010dan alat za make up profesionalce, ali i amatere.<\/p>","protected":false},"excerpt":{"rendered":"<p>Sve zaljubljenice u \u0161minkanje znaju da je dobra priprema ko\u017ee pola odra\u0111enog posla. Upravo zato da bi na\u0161 make up bio postojan, \u0161to prirodniji i ujedna\u010denog izgleda va\u017eno je obratiti pa\u017enju na na\u010din kako pripremamo svoju ko\u017eu lica za \u0161minkanje. Za primere ste sigurno do sada nebrojeno puta \u010duli \u2013 rije\u010d je o proizvodu \u010diji [&hellip;]<\/p>\n","protected":false},"author":1,"featured_media":8902,"comment_status":"open","ping_status":"closed","sticky":false,"template":"","format":"standard","meta":{"_acf_changed":false,"inline_featured_image":false,"footnotes":""},"categories":[1],"tags":[],"class_list":["post-8027","post","type-post","status-publish","format-standard","has-post-thumbnail","hentry","category-uncategorized"],"acf":[],"_links":{"self":[{"href":"https:\/\/www.ard-cosmetics.com\/en\/wp-json\/wp\/v2\/posts\/8027","targetHints":{"allow":["GET"]}}],"collection":[{"href":"https:\/\/www.ard-cosmetics.com\/en\/wp-json\/wp\/v2\/posts"}],"about":[{"href":"https:\/\/www.ard-cosmetics.com\/en\/wp-json\/wp\/v2\/types\/post"}],"author":[{"embeddable":true,"href":"https:\/\/www.ard-cosmetics.com\/en\/wp-json\/wp\/v2\/users\/1"}],"replies":[{"embeddable":true,"href":"https:\/\/www.ard-cosmetics.com\/en\/wp-json\/wp\/v2\/comments?post=8027"}],"version-history":[{"count":1,"href":"https:\/\/www.ard-cosmetics.com\/en\/wp-json\/wp\/v2\/posts\/8027\/revisions"}],"predecessor-version":[{"id":8903,"href":"https:\/\/www.ard-cosmetics.com\/en\/wp-json\/wp\/v2\/posts\/8027\/revisions\/8903"}],"wp:featuredmedia":[{"embeddable":true,"href":"https:\/\/www.ard-cosmetics.com\/en\/wp-json\/wp\/v2\/media\/8902"}],"wp:attachment":[{"href":"https:\/\/www.ard-cosmetics.com\/en\/wp-json\/wp\/v2\/media?parent=8027"}],"wp:term":[{"taxonomy":"category","embeddable":true,"href":"https:\/\/www.ard-cosmetics.com\/en\/wp-json\/wp\/v2\/categories?post=8027"},{"taxonomy":"post_tag","embeddable":true,"href":"https:\/\/www.ard-cosmetics.com\/en\/wp-json\/wp\/v2\/tags?post=8027"}],"curies":[{"name":"wp","href":"https:\/\/api.w.org\/{rel}","templated":true}]}}