{"id":8278,"date":"2024-05-31T14:46:54","date_gmt":"2024-05-31T14:46:54","guid":{"rendered":"https:\/\/www.ard-cosmetics.com\/?p=8278"},"modified":"2026-04-01T16:33:55","modified_gmt":"2026-04-01T16:33:55","slug":"kako-njegovati-kozu-lica-prije-odlaska-na-more","status":"publish","type":"post","link":"https:\/\/www.ard-cosmetics.com\/en\/kako-njegovati-kozu-lica-prije-odlaska-na-more\/","title":{"rendered":"How to care for facial skin before going to the sea?\u00a0"},"content":{"rendered":"<p>We have to admit that we are slowly counting down the days until we pack our suitcases and go on a well-deserved vacation. In parallel with dreaming about vacations, we also prepare our wardrobe for the upcoming warm months, but everyday combinations are not the only things we need to prepare for a stay at the beach! Preparing the skin for being in the sun, as well as exposure to sea salt, wind and all other summer joys that the skin itself does not like as much as we do, is of immense importance when it comes to maintaining health. How many times have you returned from vacation and your skin is dry, tired looking and often more prone to irregularities? That is exactly why preparing the skin of the face for going to the sea is key to preserving its health and beauty, and here are a few steps that will be of great help to you: <\/p>\n\n\n\n<p>1.Svakodnevno \u010di\u0161\u0107enje ko\u017ee lica U svoju torbu za pla\u017eu smjestite \u2018ard gel za lice kako biste uklonili ne\u010disto\u0107e, ulje i ostatke \u0161minke. Ovaj blagi gel poma\u017ee ko\u017ei da di\u0161e i sprje\u010dava za\u010depljenje pora. Svega jedan potisak je dovoljan da o\u010distite cijelo lice, a zbog prirodnih sastojaka ne\u0107ete osjetiti zatezanje lica, ve\u0107 \u0107e ono biti hidratizirano. Tako\u0111er, za bolje rezultate, jednom do dva puta tjedno koristite blagi \u2018ard piling kako biste uklonili mrtve stanice ko\u017ee i pobolj\u0161ali njezinu teksturu. Osim \u0161to \u0107e ten biti ljep\u0161i, preplanula put du\u017ee \u0107e se zadr\u017eati na licu koje je dobro pripremljeno za sun\u010danje! <\/p>\n\n\n\n<p>2. Hidratacija, hidratacija i jo\u0161 hidratacije Izbjegavajte te\u0161ke kreme koje mogu biti previ\u0161e masne za ljetne temperature te u svoju kolekciju uvrstite jednu od \u2018ard krema, ovisno o va\u0161em tipu ko\u017ee. \u2018ard VM vitamins & minerals perfect skin and natural botox-hyaluron cream idealna je za dubinsku hidrataciju i njegu svih tipova ko\u017ee uklju\u010duju\u0107i i onu zrelu ko\u017eu s prvim znakovima starenja, kao i ko\u017ee sklone upalnim procesima i aknama. S druge strane, \u2018ard hidratantna krema za lice s kamilicom obnavlja suhu i o\u0161te\u0107enu ko\u017eu \u010dine\u0107i nepravilnosti i bore manje vidljivim, pa i ako pretjerate sa sun\u010danjem ove kreme bit \u0107e va\u0161 najbolji saveznik u obnovi ko\u017ee. Tako\u0111er, ne zaboravite na dovoljan unos teku\u0107ine jer da bi hidratacija bila kompletna moramo ko\u017eu nahraniti i iznutra. <\/p>\n\n\n\n<p>We are sure that with proper facial skin care, you will make the most of what the summer months bring us!<\/p>","protected":false},"excerpt":{"rendered":"<p>Moramo priznati da polako odbrojavamo dane do pakiranja kov\u010dega i odlaska na zaslu\u017eeni godi\u0161nji odmor. Paralelno s ma\u0161tanjem o odmoru pripremamo i svoj ormar za nadolaze\u0107e tople mjesece, ali svakodnevne kombinacije nisu jedino \u0161to trebamo pripremiti za boravak na pla\u017ei! Priprema ko\u017ee za boravak na suncu, kao i izlaganju morskoj soli, vjetru i svim ostalim [&hellip;]<\/p>\n","protected":false},"author":1,"featured_media":8886,"comment_status":"open","ping_status":"closed","sticky":false,"template":"","format":"standard","meta":{"_acf_changed":false,"inline_featured_image":false,"footnotes":""},"categories":[1],"tags":[],"class_list":["post-8278","post","type-post","status-publish","format-standard","has-post-thumbnail","hentry","category-uncategorized"],"acf":[],"_links":{"self":[{"href":"https:\/\/www.ard-cosmetics.com\/en\/wp-json\/wp\/v2\/posts\/8278","targetHints":{"allow":["GET"]}}],"collection":[{"href":"https:\/\/www.ard-cosmetics.com\/en\/wp-json\/wp\/v2\/posts"}],"about":[{"href":"https:\/\/www.ard-cosmetics.com\/en\/wp-json\/wp\/v2\/types\/post"}],"author":[{"embeddable":true,"href":"https:\/\/www.ard-cosmetics.com\/en\/wp-json\/wp\/v2\/users\/1"}],"replies":[{"embeddable":true,"href":"https:\/\/www.ard-cosmetics.com\/en\/wp-json\/wp\/v2\/comments?post=8278"}],"version-history":[{"count":1,"href":"https:\/\/www.ard-cosmetics.com\/en\/wp-json\/wp\/v2\/posts\/8278\/revisions"}],"predecessor-version":[{"id":8882,"href":"https:\/\/www.ard-cosmetics.com\/en\/wp-json\/wp\/v2\/posts\/8278\/revisions\/8882"}],"wp:featuredmedia":[{"embeddable":true,"href":"https:\/\/www.ard-cosmetics.com\/en\/wp-json\/wp\/v2\/media\/8886"}],"wp:attachment":[{"href":"https:\/\/www.ard-cosmetics.com\/en\/wp-json\/wp\/v2\/media?parent=8278"}],"wp:term":[{"taxonomy":"category","embeddable":true,"href":"https:\/\/www.ard-cosmetics.com\/en\/wp-json\/wp\/v2\/categories?post=8278"},{"taxonomy":"post_tag","embeddable":true,"href":"https:\/\/www.ard-cosmetics.com\/en\/wp-json\/wp\/v2\/tags?post=8278"}],"curies":[{"name":"wp","href":"https:\/\/api.w.org\/{rel}","templated":true}]}}